{"id":751,"date":"2022-08-22T19:39:29","date_gmt":"2022-08-22T17:39:29","guid":{"rendered":"https:\/\/www.hb9lc.ch\/?p=751"},"modified":"2022-09-17T09:21:44","modified_gmt":"2022-09-17T07:21:44","slug":"pique-nique-de-la-semone-a-la-montagne-de-cernier-le-repair-forestier","status":"publish","type":"post","link":"https:\/\/www.hb9lc.ch\/index.php\/2022\/08\/22\/pique-nique-de-la-semone-a-la-montagne-de-cernier-le-repair-forestier\/","title":{"rendered":"Pique-nique de la Semone \u00e0 la Montagne de Cernier le Rep&rsquo;Air forestier"},"content":{"rendered":"<p><img loading=\"lazy\" decoding=\"async\" class=\"alignnone wp-image-753\" src=\"https:\/\/www.hb9lc.ch\/wp-content\/uploads\/2022\/08\/20201030_143452-300x169.jpg\" alt=\"\" width=\"362\" height=\"204\" srcset=\"https:\/\/www.hb9lc.ch\/wp-content\/uploads\/2022\/08\/20201030_143452-300x169.jpg 300w, https:\/\/www.hb9lc.ch\/wp-content\/uploads\/2022\/08\/20201030_143452-1024x576.jpg 1024w, https:\/\/www.hb9lc.ch\/wp-content\/uploads\/2022\/08\/20201030_143452-768x432.jpg 768w, https:\/\/www.hb9lc.ch\/wp-content\/uploads\/2022\/08\/20201030_143452-1536x864.jpg 1536w, https:\/\/www.hb9lc.ch\/wp-content\/uploads\/2022\/08\/20201030_143452-2048x1152.jpg 2048w\" sizes=\"auto, (max-width: 362px) 100vw, 362px\" \/> <img loading=\"lazy\" decoding=\"async\" class=\"alignnone wp-image-755\" src=\"https:\/\/www.hb9lc.ch\/wp-content\/uploads\/2022\/08\/20201030_143550-300x169.jpg\" alt=\"\" width=\"362\" height=\"204\" srcset=\"https:\/\/www.hb9lc.ch\/wp-content\/uploads\/2022\/08\/20201030_143550-300x169.jpg 300w, https:\/\/www.hb9lc.ch\/wp-content\/uploads\/2022\/08\/20201030_143550-1024x576.jpg 1024w, https:\/\/www.hb9lc.ch\/wp-content\/uploads\/2022\/08\/20201030_143550-768x432.jpg 768w, https:\/\/www.hb9lc.ch\/wp-content\/uploads\/2022\/08\/20201030_143550-1536x864.jpg 1536w, https:\/\/www.hb9lc.ch\/wp-content\/uploads\/2022\/08\/20201030_143550-2048x1152.jpg 2048w\" sizes=\"auto, (max-width: 362px) 100vw, 362px\" \/><\/p>\n<p><img loading=\"lazy\" decoding=\"async\" class=\"alignnone wp-image-758\" src=\"https:\/\/www.hb9lc.ch\/wp-content\/uploads\/2022\/08\/Place-de-pique-nique-au-Mont-DAmin-1-300x121.png\" alt=\"\" width=\"644\" height=\"260\" srcset=\"https:\/\/www.hb9lc.ch\/wp-content\/uploads\/2022\/08\/Place-de-pique-nique-au-Mont-DAmin-1-300x121.png 300w, https:\/\/www.hb9lc.ch\/wp-content\/uploads\/2022\/08\/Place-de-pique-nique-au-Mont-DAmin-1-1024x414.png 1024w, https:\/\/www.hb9lc.ch\/wp-content\/uploads\/2022\/08\/Place-de-pique-nique-au-Mont-DAmin-1-768x311.png 768w, https:\/\/www.hb9lc.ch\/wp-content\/uploads\/2022\/08\/Place-de-pique-nique-au-Mont-DAmin-1-1536x622.png 1536w, https:\/\/www.hb9lc.ch\/wp-content\/uploads\/2022\/08\/Place-de-pique-nique-au-Mont-DAmin-1.png 1762w\" sizes=\"auto, (max-width: 644px) 100vw, 644px\" \/><\/p>\n<div class=\"m8h3af8h l7ghb35v kjdc1dyq kmwttqpk gh25dzvf n3t5jt4f\">\n<div dir=\"auto\">Hello les amis,<\/div>\n<div dir=\"auto\"><\/div>\n<\/div>\n<div class=\"l7ghb35v kjdc1dyq kmwttqpk gh25dzvf jikcssrz n3t5jt4f\">\n<div dir=\"auto\">Selon notre calendrier d&rsquo;activit\u00e9s de la Semone, dimanche 28 ao\u00fbt 2022 nous avons notre pique-nique \u00e0 la Montagne de Cernier, la route \u00e0 l\u2019est du sommet de la Vue des Alpes, dans une belle petite cabane, le Rep\u2019Air forestier \u00e0 partir de 10h.<\/div>\n<\/div>\n<div class=\"l7ghb35v kjdc1dyq kmwttqpk gh25dzvf jikcssrz n3t5jt4f\">\n<div dir=\"auto\">Comme toujours, \u00e0 voir en fonction de la m\u00e9t\u00e9o\u2026<\/div>\n<\/div>\n<div class=\"l7ghb35v kjdc1dyq kmwttqpk gh25dzvf jikcssrz n3t5jt4f\">\n<div dir=\"auto\">Ceux qui d\u00e9sir apporter leur \u00e9metteur-r\u00e9cepteur, antennes etc\u2026 pour faire des essais, c\u2019est recommand\u00e9 <span class=\"fxk3tzhb b2rh1bv3 gh55jysx m8h3af8h ewco64xe kjdc1dyq ms56khn7 bq6c9xl4 eohcrkr5 akh3l2rg\"><img loading=\"lazy\" decoding=\"async\" src=\"https:\/\/static.xx.fbcdn.net\/images\/emoji.php\/v9\/t55\/1.5\/16\/1f44d.png\" alt=\"\ud83d\udc4d\" width=\"16\" height=\"16\" \/><\/span><\/div>\n<\/div>\n<div class=\"l7ghb35v kjdc1dyq kmwttqpk gh25dzvf jikcssrz n3t5jt4f\">\n<div dir=\"auto\">Ouvert \u00e0 tous, visiteurs bienvenus<\/div>\n<\/div>\n<div class=\"l7ghb35v kjdc1dyq kmwttqpk gh25dzvf jikcssrz n3t5jt4f\">\n<div dir=\"auto\">QRV sur :<\/div>\n<div dir=\"auto\">Relais du Chasseral 438.725 MHz<\/div>\n<div dir=\"auto\">Simplex 145.550 MHz<\/div>\n<div dir=\"auto\">Relais Echo 145.225 MHz Tune 1750 Hz \u00e0 r\u00e9p\u00e9tition 30 secondes.<\/div>\n<div dir=\"auto\">DMR TG Neuch\u00e2telois 22815<\/div>\n<div dir=\"auto\"><\/div>\n<\/div>\n<div class=\"l7ghb35v kjdc1dyq kmwttqpk gh25dzvf jikcssrz n3t5jt4f\">\n<div dir=\"auto\">A bient\u00f4t, avec mes meilleures 73\u2019s QRO<\/div>\n<div dir=\"auto\"><span class=\"fxk3tzhb b2rh1bv3 gh55jysx m8h3af8h ewco64xe kjdc1dyq ms56khn7 bq6c9xl4 eohcrkr5 akh3l2rg\"><img loading=\"lazy\" decoding=\"async\" src=\"https:\/\/static.xx.fbcdn.net\/images\/emoji.php\/v9\/t55\/1.5\/16\/1f44d.png\" alt=\"\ud83d\udc4d\" width=\"16\" height=\"16\" \/><\/span><span class=\"fxk3tzhb b2rh1bv3 gh55jysx m8h3af8h ewco64xe kjdc1dyq ms56khn7 bq6c9xl4 eohcrkr5 akh3l2rg\"><img loading=\"lazy\" decoding=\"async\" src=\"https:\/\/static.xx.fbcdn.net\/images\/emoji.php\/v9\/t68\/1.5\/16\/1f942.png\" alt=\"\ud83e\udd42\" width=\"16\" height=\"16\" \/><\/span><span class=\"fxk3tzhb b2rh1bv3 gh55jysx m8h3af8h ewco64xe kjdc1dyq ms56khn7 bq6c9xl4 eohcrkr5 akh3l2rg\"><img loading=\"lazy\" decoding=\"async\" src=\"https:\/\/static.xx.fbcdn.net\/images\/emoji.php\/v9\/t84\/1.5\/16\/1f399.png\" alt=\"\ud83c\udf99\ufe0f\" width=\"16\" height=\"16\" \/><\/span><span class=\"fxk3tzhb b2rh1bv3 gh55jysx m8h3af8h ewco64xe kjdc1dyq ms56khn7 bq6c9xl4 eohcrkr5 akh3l2rg\"><img loading=\"lazy\" decoding=\"async\" src=\"https:\/\/static.xx.fbcdn.net\/images\/emoji.php\/v9\/t61\/1.5\/16\/1f4fb.png\" alt=\"\ud83d\udcfb\" width=\"16\" height=\"16\" \/><\/span><span class=\"fxk3tzhb b2rh1bv3 gh55jysx m8h3af8h ewco64xe kjdc1dyq ms56khn7 bq6c9xl4 eohcrkr5 akh3l2rg\"><img loading=\"lazy\" decoding=\"async\" src=\"https:\/\/static.xx.fbcdn.net\/images\/emoji.php\/v9\/t5a\/1.5\/16\/1f3a7.png\" alt=\"\ud83c\udfa7\" width=\"16\" height=\"16\" \/><\/span><span class=\"fxk3tzhb b2rh1bv3 gh55jysx m8h3af8h ewco64xe kjdc1dyq ms56khn7 bq6c9xl4 eohcrkr5 akh3l2rg\"><img loading=\"lazy\" decoding=\"async\" src=\"https:\/\/static.xx.fbcdn.net\/images\/emoji.php\/v9\/t98\/1.5\/16\/1f30d.png\" alt=\"\ud83c\udf0d\" width=\"16\" height=\"16\" \/><\/span><\/div>\n<\/div>\n<div class=\"l7ghb35v kjdc1dyq kmwttqpk gh25dzvf jikcssrz n3t5jt4f\">\n<div dir=\"auto\">Philippe HB9EPM<\/div>\n<div dir=\"auto\"><\/div>\n<\/div>\n<div dir=\"auto\">Je rajoute quelques photos de notre sympathique journ\u00e9e pass\u00e9e avec les amies et amis.<\/div>\n<div dir=\"auto\">Olivier HB9HIW et XYL Jo\u00eblle<\/div>\n<div dir=\"auto\">Philippe Rosco 69 et XYL Vanessa<\/div>\n<div dir=\"auto\">Hans F4WCB et sa moto !<\/div>\n<div dir=\"auto\">G\u00e9rard SWL et Cibiste aussi \u00e0 moto !<\/div>\n<div dir=\"auto\">Sabine HB9HIB<\/div>\n<div dir=\"auto\">Fritz HB9EVH<\/div>\n<div dir=\"auto\">Frank et son fils Florian cibistes<\/div>\n<div dir=\"auto\">Isabelle mon XYL<\/div>\n<div dir=\"auto\">Quelques contacts ont \u00e9t\u00e9 fait en ondes courtes, VHF et UHF, sinon beaucoup de discussions avec les copains.<\/div>\n<div dir=\"auto\">Nous avons eu beaucoup de plaisir d&rsquo;animer cette rencontre, nous avons pu go\u00fbter \u00e0 de bons desserts confectionn\u00e9s par Jo\u00eblle et Isabelle, ainsi que de pruneaux du jardin de Sabine.<\/div>\n<div dir=\"auto\">Une prochaine fois, mon amie et moi proposerons pour les dames, un atelier d&rsquo;artisanats, Vanessa \u00e9tait toute motiv\u00e9e et tr\u00e8s active.<\/div>\n<div dir=\"auto\"><\/div>\n<div dir=\"auto\"><img loading=\"lazy\" decoding=\"async\" class=\"alignnone  wp-image-780\" src=\"https:\/\/www.hb9lc.ch\/wp-content\/uploads\/2022\/09\/HB9HIW-300x225.jpg\" alt=\"\" width=\"333\" height=\"250\" srcset=\"https:\/\/www.hb9lc.ch\/wp-content\/uploads\/2022\/09\/HB9HIW-300x225.jpg 300w, https:\/\/www.hb9lc.ch\/wp-content\/uploads\/2022\/09\/HB9HIW-1024x767.jpg 1024w, https:\/\/www.hb9lc.ch\/wp-content\/uploads\/2022\/09\/HB9HIW-768x576.jpg 768w, https:\/\/www.hb9lc.ch\/wp-content\/uploads\/2022\/09\/HB9HIW-1536x1151.jpg 1536w, https:\/\/www.hb9lc.ch\/wp-content\/uploads\/2022\/09\/HB9HIW-2048x1535.jpg 2048w\" sizes=\"auto, (max-width: 333px) 100vw, 333px\" \/> <img loading=\"lazy\" decoding=\"async\" class=\"alignnone  wp-image-781\" src=\"https:\/\/www.hb9lc.ch\/wp-content\/uploads\/2022\/09\/LE-MONDE-300x204.jpg\" alt=\"\" width=\"365\" height=\"248\" srcset=\"https:\/\/www.hb9lc.ch\/wp-content\/uploads\/2022\/09\/LE-MONDE-300x204.jpg 300w, https:\/\/www.hb9lc.ch\/wp-content\/uploads\/2022\/09\/LE-MONDE-1024x696.jpg 1024w, https:\/\/www.hb9lc.ch\/wp-content\/uploads\/2022\/09\/LE-MONDE-768x522.jpg 768w, https:\/\/www.hb9lc.ch\/wp-content\/uploads\/2022\/09\/LE-MONDE-1536x1044.jpg 1536w, https:\/\/www.hb9lc.ch\/wp-content\/uploads\/2022\/09\/LE-MONDE-2048x1392.jpg 2048w\" sizes=\"auto, (max-width: 365px) 100vw, 365px\" \/> <img loading=\"lazy\" decoding=\"async\" class=\"alignnone  wp-image-782\" src=\"https:\/\/www.hb9lc.ch\/wp-content\/uploads\/2022\/09\/LES-DAMES-300x192.jpg\" alt=\"\" width=\"333\" height=\"213\" srcset=\"https:\/\/www.hb9lc.ch\/wp-content\/uploads\/2022\/09\/LES-DAMES-300x192.jpg 300w, https:\/\/www.hb9lc.ch\/wp-content\/uploads\/2022\/09\/LES-DAMES-1024x654.jpg 1024w, https:\/\/www.hb9lc.ch\/wp-content\/uploads\/2022\/09\/LES-DAMES-768x491.jpg 768w, https:\/\/www.hb9lc.ch\/wp-content\/uploads\/2022\/09\/LES-DAMES-1536x982.jpg 1536w, https:\/\/www.hb9lc.ch\/wp-content\/uploads\/2022\/09\/LES-DAMES-2048x1309.jpg 2048w\" sizes=\"auto, (max-width: 333px) 100vw, 333px\" \/><\/div>\n","protected":false},"excerpt":{"rendered":"<p>Hello les amis, Selon notre calendrier d&rsquo;activit\u00e9s de la Semone, dimanche 28 ao\u00fbt 2022 nous avons notre pique-nique \u00e0 la Montagne de Cernier, la route \u00e0 l\u2019est du sommet de la Vue des Alpes, dans une belle petite cabane, le <span class=\"excerpt-dots\">&hellip;<\/span> <a class=\"more-link\" href=\"https:\/\/www.hb9lc.ch\/index.php\/2022\/08\/22\/pique-nique-de-la-semone-a-la-montagne-de-cernier-le-repair-forestier\/\"><span class=\"more-msg\">Lire la suite &rarr;<\/span><\/a><\/p>\n","protected":false},"author":3,"featured_media":0,"comment_status":"closed","ping_status":"closed","sticky":false,"template":"","format":"image","meta":{"footnotes":""},"categories":[2],"tags":[],"class_list":["post-751","post","type-post","status-publish","format-image","hentry","category-radioamateur","post_format-post-format-image"],"_links":{"self":[{"href":"https:\/\/www.hb9lc.ch\/index.php\/wp-json\/wp\/v2\/posts\/751","targetHints":{"allow":["GET"]}}],"collection":[{"href":"https:\/\/www.hb9lc.ch\/index.php\/wp-json\/wp\/v2\/posts"}],"about":[{"href":"https:\/\/www.hb9lc.ch\/index.php\/wp-json\/wp\/v2\/types\/post"}],"author":[{"embeddable":true,"href":"https:\/\/www.hb9lc.ch\/index.php\/wp-json\/wp\/v2\/users\/3"}],"replies":[{"embeddable":true,"href":"https:\/\/www.hb9lc.ch\/index.php\/wp-json\/wp\/v2\/comments?post=751"}],"version-history":[{"count":16,"href":"https:\/\/www.hb9lc.ch\/index.php\/wp-json\/wp\/v2\/posts\/751\/revisions"}],"predecessor-version":[{"id":765,"href":"https:\/\/www.hb9lc.ch\/index.php\/wp-json\/wp\/v2\/posts\/751\/revisions\/765"}],"wp:attachment":[{"href":"https:\/\/www.hb9lc.ch\/index.php\/wp-json\/wp\/v2\/media?parent=751"}],"wp:term":[{"taxonomy":"category","embeddable":true,"href":"https:\/\/www.hb9lc.ch\/index.php\/wp-json\/wp\/v2\/categories?post=751"},{"taxonomy":"post_tag","embeddable":true,"href":"https:\/\/www.hb9lc.ch\/index.php\/wp-json\/wp\/v2\/tags?post=751"}],"curies":[{"name":"wp","href":"https:\/\/api.w.org\/{rel}","templated":true}]}}