{"id":642,"date":"2022-04-30T17:30:29","date_gmt":"2022-04-30T15:30:29","guid":{"rendered":"https:\/\/www.hb9lc.ch\/?p=642"},"modified":"2022-05-01T10:42:33","modified_gmt":"2022-05-01T08:42:33","slug":"de-la-radio-au-marche-de-la-chaux-de-fonds","status":"publish","type":"post","link":"https:\/\/www.hb9lc.ch\/index.php\/2022\/04\/30\/de-la-radio-au-marche-de-la-chaux-de-fonds\/","title":{"rendered":"De la radio au march\u00e9 de La Chaux-de-Fonds"},"content":{"rendered":"<div id=\"attachment_643\" style=\"width: 310px\" class=\"wp-caption alignleft\"><a href=\"https:\/\/www.hb9lc.ch\/wp-content\/uploads\/2022\/04\/HB9LC_PlaceDuMarche-scaled.jpg\"><img loading=\"lazy\" decoding=\"async\" aria-describedby=\"caption-attachment-643\" class=\"wp-image-643 size-medium\" src=\"https:\/\/www.hb9lc.ch\/wp-content\/uploads\/2022\/04\/HB9LC_PlaceDuMarche-300x225.jpg\" alt=\"Le stand de HB9LC au march\u00e9 de La Chaux-de-Fonds\" width=\"300\" height=\"225\" srcset=\"https:\/\/www.hb9lc.ch\/wp-content\/uploads\/2022\/04\/HB9LC_PlaceDuMarche-300x225.jpg 300w, https:\/\/www.hb9lc.ch\/wp-content\/uploads\/2022\/04\/HB9LC_PlaceDuMarche-1024x768.jpg 1024w, https:\/\/www.hb9lc.ch\/wp-content\/uploads\/2022\/04\/HB9LC_PlaceDuMarche-768x576.jpg 768w, https:\/\/www.hb9lc.ch\/wp-content\/uploads\/2022\/04\/HB9LC_PlaceDuMarche-1536x1152.jpg 1536w, https:\/\/www.hb9lc.ch\/wp-content\/uploads\/2022\/04\/HB9LC_PlaceDuMarche-2048x1536.jpg 2048w\" sizes=\"auto, (max-width: 300px) 100vw, 300px\" \/><\/a><p id=\"caption-attachment-643\" class=\"wp-caption-text\">Le stand de HB9LC au march\u00e9 de La Chaux-de-Fonds<\/p><\/div>\n<p>Le samedi c&rsquo;est jour du march\u00e9 \u00e0 La Chaux-de-Fonds, un endroit convivial id\u00e9al pour rencontrer du monde et montrer les activit\u00e9s des radioamateurs aupr\u00e8s du public. C&rsquo;\u00e9tait ce matin \u00e0 la place du March\u00e9 de La Chaux-de-Fonds.<\/p>\n<p>Diff\u00e9rentes activit\u00e9s ont pu \u00eatre pr\u00e9sent\u00e9es avec un station HF compos\u00e9e d&rsquo;un K3 et une antenne dip\u00f4le en V invers\u00e9, de la r\u00e9ception SDR, de la communication num\u00e9rique et analogique VHF et UHF et une station CB. Du mat\u00e9riel marketing offert par l&rsquo;USKA a \u00e9t\u00e9 distribu\u00e9 aux personnes qui sont venus nous poser des questions.<\/p>\n<p>Cette matin\u00e9e a \u00e9t\u00e9 plut\u00f4t positive malgr\u00e9 une fr\u00e9quentation inhabituellement peu nombreuse. La m\u00e9t\u00e9o annon\u00e7ait hier de la pluie qui est arriv\u00e9e plus tard que pr\u00e9vu a peut-\u00eatre refroidit les habituels adeptes du march\u00e9.Finalement le soleil \u00e9tait l\u00e0 mais avec un petit vent du nord assez froid \u00e9tait bien pr\u00e9sent. N\u00e9anmoins, quelques personne se sont approch\u00e9 et ont pos\u00e9 des questions. Certaines personnes connaissaient des radioamateurs, soit dans leur famille, soit comme coll\u00e8gue de travail. Deux personnes nous ont dit avoir obtenu une licence radioamateur il y a quelques dizaines d&rsquo;ann\u00e9es et avaient compl\u00e8tement abandonn\u00e9. Tout les deux ont \u00e9t\u00e9 heureux de nous savoir toujours actifs et que cela leur a rappel\u00e9 les bons souvenir de leur \u00e9poque d&rsquo;activit\u00e9 et ils ont pu constater l&rsquo;\u00e9volution technologique apr\u00e8s toutes ces ann\u00e9es.<\/p>\n<p>C&rsquo;est la premi\u00e8re fois que notre section fait ce genre de d\u00e9marche, cette exp\u00e9rience a \u00e9t\u00e9 appr\u00e9ci\u00e9e et sera certainement reconduite l&rsquo;ann\u00e9e prochaine on esp\u00e8re \u00e0 une p\u00e9riode plus temp\u00e9r\u00e9e&#8230;<\/p>\n<p>Olivier HB9HIW, Philippe HB9EPM + Isabelle son XYL, Pierre-Alain, Fran\u00e7ois HB9BLF et Dom. HB9HLI.<\/p>\n","protected":false},"excerpt":{"rendered":"<p>Le samedi c&rsquo;est jour du march\u00e9 \u00e0 La Chaux-de-Fonds, un endroit convivial id\u00e9al pour rencontrer du monde et montrer les activit\u00e9s des radioamateurs aupr\u00e8s du public. C&rsquo;\u00e9tait ce matin \u00e0 la place du March\u00e9 de La Chaux-de-Fonds. Diff\u00e9rentes activit\u00e9s ont <span class=\"excerpt-dots\">&hellip;<\/span> <a class=\"more-link\" href=\"https:\/\/www.hb9lc.ch\/index.php\/2022\/04\/30\/de-la-radio-au-marche-de-la-chaux-de-fonds\/\"><span class=\"more-msg\">Lire la suite &rarr;<\/span><\/a><\/p>\n","protected":false},"author":1,"featured_media":0,"comment_status":"closed","ping_status":"closed","sticky":false,"template":"","format":"standard","meta":{"footnotes":""},"categories":[8,32,2],"tags":[9,25,19,3,16,29,40,30,17],"class_list":["post-642","post","type-post","status-publish","format-standard","hentry","category-activite","category-presentation","category-radioamateur","tag-antennes","tag-dmr","tag-elecraft","tag-hb9lc","tag-hf","tag-meteo","tag-radioamateur","tag-sdr","tag-vhf-uhf"],"_links":{"self":[{"href":"https:\/\/www.hb9lc.ch\/index.php\/wp-json\/wp\/v2\/posts\/642","targetHints":{"allow":["GET"]}}],"collection":[{"href":"https:\/\/www.hb9lc.ch\/index.php\/wp-json\/wp\/v2\/posts"}],"about":[{"href":"https:\/\/www.hb9lc.ch\/index.php\/wp-json\/wp\/v2\/types\/post"}],"author":[{"embeddable":true,"href":"https:\/\/www.hb9lc.ch\/index.php\/wp-json\/wp\/v2\/users\/1"}],"replies":[{"embeddable":true,"href":"https:\/\/www.hb9lc.ch\/index.php\/wp-json\/wp\/v2\/comments?post=642"}],"version-history":[{"count":14,"href":"https:\/\/www.hb9lc.ch\/index.php\/wp-json\/wp\/v2\/posts\/642\/revisions"}],"predecessor-version":[{"id":657,"href":"https:\/\/www.hb9lc.ch\/index.php\/wp-json\/wp\/v2\/posts\/642\/revisions\/657"}],"wp:attachment":[{"href":"https:\/\/www.hb9lc.ch\/index.php\/wp-json\/wp\/v2\/media?parent=642"}],"wp:term":[{"taxonomy":"category","embeddable":true,"href":"https:\/\/www.hb9lc.ch\/index.php\/wp-json\/wp\/v2\/categories?post=642"},{"taxonomy":"post_tag","embeddable":true,"href":"https:\/\/www.hb9lc.ch\/index.php\/wp-json\/wp\/v2\/tags?post=642"}],"curies":[{"name":"wp","href":"https:\/\/api.w.org\/{rel}","templated":true}]}}