{"id":1284,"date":"2024-08-16T21:52:03","date_gmt":"2024-08-16T19:52:03","guid":{"rendered":"https:\/\/www.hb9lc.ch\/?p=1284"},"modified":"2024-08-16T21:52:03","modified_gmt":"2024-08-16T19:52:03","slug":"pique-nique-semone-le-repair-forestier-chemin-du-mont-damin-2052-cernier","status":"publish","type":"post","link":"https:\/\/www.hb9lc.ch\/index.php\/2024\/08\/16\/pique-nique-semone-le-repair-forestier-chemin-du-mont-damin-2052-cernier\/","title":{"rendered":"Pique-nique Semone Le Rep&rsquo;Air forestier, Chemin du Mont d&rsquo;Amin, 2052 Cernier"},"content":{"rendered":"\n<p>Hello les amis,<br>J&rsquo;esp\u00e8re que vous allez tous bien \ud83d\udc4d<br>Vendredi 16 ao\u00fbt, c&rsquo;est notre premier stamm apr\u00e8s les vacances d&rsquo;\u00e9t\u00e9.<br>Le comit\u00e9 se disait que si le soleil est encore pr\u00e9sent, on pourrait organiser une sortie en ext\u00e9rieur avec des radios et antennes sur la place de pique-nique ce samedi, en remplacement du stamm de vendredi.<br>On a cherch\u00e9 des cabanes dans les Franches Montagnes, malheureusement tout est d\u00e9j\u00e0 r\u00e9serv\u00e9s\u2026!<br>Donc comme d&rsquo;autres fois, au se retrouve \u00e0 partir de 10h sur le site :<br>Le Rep&rsquo;Air forestier Chemin du Mont d&rsquo;Amin, 2052 Cernier<br>https:\/\/maps.app.goo.gl\/SVjfAVFzww9vGhA9A<br>Marius HB9FSL prendra la ligne Elecraft K3 de Jack HB9LN, j\u2019apporterai un mat t\u00e9lescopique, une antenne Kelemen et une batterie solaire.<br>Je prendrai avec moi le solde des boissons que nous avions au contest H26 ondes courtes.<br>Des boissons sans alcool \u00e0 Fr. 2.- le b\u00e9n\u00e9fice ira dans la caisse du club, le vin \u00e0 prix co\u00fbtant, de l\u2019eau min\u00e9ral et des bi\u00e8res !<br>Chacun apportera ses grillades, pommes chips, salades etc&#8230;<br>Tout le monde peut prendre sa famille et les personnes ext\u00e9rieur au club, qui sont int\u00e9ress\u00e9es par le hobby de la radio sont les bienvenus<br>Inscriptions : https:\/\/framadate.org\/xyWZIO1OUgzYh3W9<br>A bient\u00f4t au plaisir de se revoir !<br>Avec mes meilleures 73&rsquo;s qro et amiti\u00e9s<br>Philippe HB9EPM<\/p>\n\n\n\n<figure class=\"wp-block-gallery has-nested-images columns-default is-cropped wp-block-gallery-1 is-layout-flex wp-block-gallery-is-layout-flex\">\n<figure class=\"wp-block-image size-large\"><img loading=\"lazy\" decoding=\"async\" width=\"690\" height=\"917\" data-id=\"1287\" src=\"https:\/\/www.hb9lc.ch\/wp-content\/uploads\/2024\/08\/Opera-Instantane_2024-08-15_210822_www.google.com_.png\" alt=\"\" class=\"wp-image-1287\" srcset=\"https:\/\/www.hb9lc.ch\/wp-content\/uploads\/2024\/08\/Opera-Instantane_2024-08-15_210822_www.google.com_.png 690w, https:\/\/www.hb9lc.ch\/wp-content\/uploads\/2024\/08\/Opera-Instantane_2024-08-15_210822_www.google.com_-226x300.png 226w\" sizes=\"auto, (max-width: 690px) 100vw, 690px\" \/><\/figure>\n<\/figure>\n","protected":false},"excerpt":{"rendered":"<p>Hello les amis,J&rsquo;esp\u00e8re que vous allez tous bien \ud83d\udc4dVendredi 16 ao\u00fbt, c&rsquo;est notre premier stamm apr\u00e8s les vacances d&rsquo;\u00e9t\u00e9.Le comit\u00e9 se disait que si le soleil est encore pr\u00e9sent, on pourrait organiser une sortie en ext\u00e9rieur avec des radios et <span class=\"excerpt-dots\">&hellip;<\/span> <a class=\"more-link\" href=\"https:\/\/www.hb9lc.ch\/index.php\/2024\/08\/16\/pique-nique-semone-le-repair-forestier-chemin-du-mont-damin-2052-cernier\/\"><span class=\"more-msg\">Lire la suite &rarr;<\/span><\/a><\/p>\n","protected":false},"author":3,"featured_media":0,"comment_status":"closed","ping_status":"","sticky":false,"template":"","format":"standard","meta":{"footnotes":""},"categories":[2],"tags":[],"class_list":["post-1284","post","type-post","status-publish","format-standard","hentry","category-radioamateur"],"_links":{"self":[{"href":"https:\/\/www.hb9lc.ch\/index.php\/wp-json\/wp\/v2\/posts\/1284","targetHints":{"allow":["GET"]}}],"collection":[{"href":"https:\/\/www.hb9lc.ch\/index.php\/wp-json\/wp\/v2\/posts"}],"about":[{"href":"https:\/\/www.hb9lc.ch\/index.php\/wp-json\/wp\/v2\/types\/post"}],"author":[{"embeddable":true,"href":"https:\/\/www.hb9lc.ch\/index.php\/wp-json\/wp\/v2\/users\/3"}],"replies":[{"embeddable":true,"href":"https:\/\/www.hb9lc.ch\/index.php\/wp-json\/wp\/v2\/comments?post=1284"}],"version-history":[{"count":2,"href":"https:\/\/www.hb9lc.ch\/index.php\/wp-json\/wp\/v2\/posts\/1284\/revisions"}],"predecessor-version":[{"id":1288,"href":"https:\/\/www.hb9lc.ch\/index.php\/wp-json\/wp\/v2\/posts\/1284\/revisions\/1288"}],"wp:attachment":[{"href":"https:\/\/www.hb9lc.ch\/index.php\/wp-json\/wp\/v2\/media?parent=1284"}],"wp:term":[{"taxonomy":"category","embeddable":true,"href":"https:\/\/www.hb9lc.ch\/index.php\/wp-json\/wp\/v2\/categories?post=1284"},{"taxonomy":"post_tag","embeddable":true,"href":"https:\/\/www.hb9lc.ch\/index.php\/wp-json\/wp\/v2\/tags?post=1284"}],"curies":[{"name":"wp","href":"https:\/\/api.w.org\/{rel}","templated":true}]}}