{"id":1267,"date":"2024-05-19T18:06:15","date_gmt":"2024-05-19T16:06:15","guid":{"rendered":"https:\/\/www.hb9lc.ch\/?p=1267"},"modified":"2024-05-19T18:06:15","modified_gmt":"2024-05-19T16:06:15","slug":"rencontre-mensuel-des-radioamateurs-des-montagnes-neuchateloises-17-mai","status":"publish","type":"post","link":"https:\/\/www.hb9lc.ch\/index.php\/2024\/05\/19\/rencontre-mensuel-des-radioamateurs-des-montagnes-neuchateloises-17-mai\/","title":{"rendered":"Rencontre mensuel des radioamateurs des Montagnes Neuch\u00e2teloises 17 mai"},"content":{"rendered":"\n<p>Visite tr\u00e8s sympathique de notre ami Jean-Claude HB9RCU du Jura !<br>Lors de notre rencontre mensuel des radioamateurs des Montagnes Neuch\u00e2teloises La Semone HB9LC.<br>Il nous a parl\u00e9 des anciens radioamateurs des ann\u00e9es 80&rsquo;s, qui montaient leurs radios avec des composants de r\u00e9cup\u00e9ration, toute une \u00e9poque !<br>Beaucoup plus d&rsquo;actifs que maintenant&#8230;<br>Il n&rsquo;y avait pas internet, pas de t\u00e9l\u00e9phone portable&#8230;!<br>C&rsquo;\u00e9tait tr\u00e8s int\u00e9ressant, on a discut\u00e9 de faire un pique-nique du c\u00f4t\u00e9 des Franches-Montagnes, apporter deux trois radios et antennes !!!<br>Avec Marius HB9FSL, toujours au top pour faire fonctionner la ligne Elecraft du club \ud83d\udc4d\ud83d\ude03<br><br>Philippe HB9EPM<\/p>\n\n\n\n<figure class=\"wp-block-image size-large\"><img loading=\"lazy\" decoding=\"async\" width=\"1024\" height=\"485\" src=\"https:\/\/www.hb9lc.ch\/wp-content\/uploads\/2024\/05\/Opera-Instantane_2024-05-19_180446_www.facebook.com_-1024x485.png\" alt=\"\" class=\"wp-image-1270\" srcset=\"https:\/\/www.hb9lc.ch\/wp-content\/uploads\/2024\/05\/Opera-Instantane_2024-05-19_180446_www.facebook.com_-1024x485.png 1024w, https:\/\/www.hb9lc.ch\/wp-content\/uploads\/2024\/05\/Opera-Instantane_2024-05-19_180446_www.facebook.com_-300x142.png 300w, https:\/\/www.hb9lc.ch\/wp-content\/uploads\/2024\/05\/Opera-Instantane_2024-05-19_180446_www.facebook.com_-768x363.png 768w, https:\/\/www.hb9lc.ch\/wp-content\/uploads\/2024\/05\/Opera-Instantane_2024-05-19_180446_www.facebook.com_.png 1403w\" sizes=\"auto, (max-width: 1024px) 100vw, 1024px\" \/><\/figure>\n","protected":false},"excerpt":{"rendered":"<p>Visite tr\u00e8s sympathique de notre ami Jean-Claude HB9RCU du Jura !Lors de notre rencontre mensuel des radioamateurs des Montagnes Neuch\u00e2teloises La Semone HB9LC.Il nous a parl\u00e9 des anciens radioamateurs des ann\u00e9es 80&rsquo;s, qui montaient leurs radios avec des composants de <span class=\"excerpt-dots\">&hellip;<\/span> <a class=\"more-link\" href=\"https:\/\/www.hb9lc.ch\/index.php\/2024\/05\/19\/rencontre-mensuel-des-radioamateurs-des-montagnes-neuchateloises-17-mai\/\"><span class=\"more-msg\">Lire la suite &rarr;<\/span><\/a><\/p>\n","protected":false},"author":3,"featured_media":0,"comment_status":"closed","ping_status":"","sticky":false,"template":"","format":"standard","meta":{"footnotes":""},"categories":[2],"tags":[],"class_list":["post-1267","post","type-post","status-publish","format-standard","hentry","category-radioamateur"],"_links":{"self":[{"href":"https:\/\/www.hb9lc.ch\/index.php\/wp-json\/wp\/v2\/posts\/1267","targetHints":{"allow":["GET"]}}],"collection":[{"href":"https:\/\/www.hb9lc.ch\/index.php\/wp-json\/wp\/v2\/posts"}],"about":[{"href":"https:\/\/www.hb9lc.ch\/index.php\/wp-json\/wp\/v2\/types\/post"}],"author":[{"embeddable":true,"href":"https:\/\/www.hb9lc.ch\/index.php\/wp-json\/wp\/v2\/users\/3"}],"replies":[{"embeddable":true,"href":"https:\/\/www.hb9lc.ch\/index.php\/wp-json\/wp\/v2\/comments?post=1267"}],"version-history":[{"count":2,"href":"https:\/\/www.hb9lc.ch\/index.php\/wp-json\/wp\/v2\/posts\/1267\/revisions"}],"predecessor-version":[{"id":1271,"href":"https:\/\/www.hb9lc.ch\/index.php\/wp-json\/wp\/v2\/posts\/1267\/revisions\/1271"}],"wp:attachment":[{"href":"https:\/\/www.hb9lc.ch\/index.php\/wp-json\/wp\/v2\/media?parent=1267"}],"wp:term":[{"taxonomy":"category","embeddable":true,"href":"https:\/\/www.hb9lc.ch\/index.php\/wp-json\/wp\/v2\/categories?post=1267"},{"taxonomy":"post_tag","embeddable":true,"href":"https:\/\/www.hb9lc.ch\/index.php\/wp-json\/wp\/v2\/tags?post=1267"}],"curies":[{"name":"wp","href":"https:\/\/api.w.org\/{rel}","templated":true}]}}